[{"@context":"https:\/\/schema.org\/","@type":"Blog","@id":"https:\/\/www.e-cafm.cz#Blog","headline":"E-cafm","description":"\nDlouhou dobu hled\u00e1te n\u011bjak\u00fd pl\u00e1tek, kter\u00fd by se dal \u010d\u00edst pravideln\u011b a skute\u010dn\u011b byste si to u\u017eili a n\u011bco si z toho vzali? Klidn\u011b i n\u011bjak\u00fd tip na dovolenou nebo radu, jak up\u00e9ct nejlep\u0161\u00ed kol\u00e1\u010d? Potom zkuste n\u00e1\u0161 magaz\u00edn online.","url":"https:\/\/www.e-cafm.cz","hasPart":[{"@type":"Article","@id":"https:\/\/www.e-cafm.cz\/uz-nic-nebude-pritazlivejsi-nez-u-nas\/","headline":"U\u017e nic nebude p\u0159ita\u017eliv\u011bj\u0161\u00ed ne\u017e u n\u00e1s","url":"https:\/\/www.e-cafm.cz\/uz-nic-nebude-pritazlivejsi-nez-u-nas\/","datePublished":"2025-07-28","dateModified":"2025-07-28","mainEntityOfPage":"https:\/\/www.e-cafm.cz\/uz-nic-nebude-pritazlivejsi-nez-u-nas\/","author":{"@type":"Person","@id":"https:\/\/www.e-cafm.cz\/author\/#Person","name":"e-cafm.cz\n","url":"https:\/\/www.e-cafm.cz\/author\/","identifier":1,"image":{"@type":"ImageObject","@id":"https:\/\/secure.gravatar.com\/avatar\/325464d7e09ffe52889ba6983accc5cdb65d0a54acd9a25cd7e409bd3eba713a?s=96&d=mm&r=g","url":"https:\/\/secure.gravatar.com\/avatar\/325464d7e09ffe52889ba6983accc5cdb65d0a54acd9a25cd7e409bd3eba713a?s=96&d=mm&r=g","height":96,"width":96}},"publisher":{"@type":"Organization","name":"e-cafm.cz","logo":{"@type":"ImageObject","@id":"\/logo.png","url":"\/logo.png","width":600,"height":60}},"image":null,"wordCount":199,"keywords":null},{"@type":"Article","@id":"https:\/\/www.e-cafm.cz\/doprejte-si-radost-v-podobe-krasneho-ubytovani\/","headline":"Dop\u0159ejte si radost v podob\u011b kr\u00e1sn\u00e9ho ubytov\u00e1n\u00ed","url":"https:\/\/www.e-cafm.cz\/doprejte-si-radost-v-podobe-krasneho-ubytovani\/","datePublished":"2025-07-21","dateModified":"2025-07-21","mainEntityOfPage":"https:\/\/www.e-cafm.cz\/doprejte-si-radost-v-podobe-krasneho-ubytovani\/","author":{"@type":"Person","@id":"https:\/\/www.e-cafm.cz\/author\/#Person","name":"e-cafm.cz\n","url":"https:\/\/www.e-cafm.cz\/author\/","identifier":1,"image":{"@type":"ImageObject","@id":"https:\/\/secure.gravatar.com\/avatar\/325464d7e09ffe52889ba6983accc5cdb65d0a54acd9a25cd7e409bd3eba713a?s=96&d=mm&r=g","url":"https:\/\/secure.gravatar.com\/avatar\/325464d7e09ffe52889ba6983accc5cdb65d0a54acd9a25cd7e409bd3eba713a?s=96&d=mm&r=g","height":96,"width":96}},"publisher":{"@type":"Organization","name":"e-cafm.cz","logo":{"@type":"ImageObject","@id":"\/logo.png","url":"\/logo.png","width":600,"height":60}},"image":null,"wordCount":211,"keywords":null},{"@type":"Article","@id":"https:\/\/www.e-cafm.cz\/otazka-kterou-si-kladou-nejen-seniori-co-bude-s-duchody\/","headline":"Ot\u00e1zka, kterou si kladou nejen senio\u0159i \u2013 co bude s d\u016fchody","url":"https:\/\/www.e-cafm.cz\/otazka-kterou-si-kladou-nejen-seniori-co-bude-s-duchody\/","datePublished":"2025-07-17","dateModified":"2025-07-17","mainEntityOfPage":"https:\/\/www.e-cafm.cz\/otazka-kterou-si-kladou-nejen-seniori-co-bude-s-duchody\/","author":{"@type":"Person","@id":"https:\/\/www.e-cafm.cz\/author\/#Person","name":"e-cafm.cz\n","url":"https:\/\/www.e-cafm.cz\/author\/","identifier":1,"image":{"@type":"ImageObject","@id":"https:\/\/secure.gravatar.com\/avatar\/325464d7e09ffe52889ba6983accc5cdb65d0a54acd9a25cd7e409bd3eba713a?s=96&d=mm&r=g","url":"https:\/\/secure.gravatar.com\/avatar\/325464d7e09ffe52889ba6983accc5cdb65d0a54acd9a25cd7e409bd3eba713a?s=96&d=mm&r=g","height":96,"width":96}},"publisher":{"@type":"Organization","name":"e-cafm.cz","logo":{"@type":"ImageObject","@id":"\/logo.png","url":"\/logo.png","width":600,"height":60}},"image":null,"wordCount":338,"keywords":null},{"@type":"Article","@id":"https:\/\/www.e-cafm.cz\/funkce-ktere-je-treba-brat-v-zretel\/","headline":"Funkce, kter\u00e9 je t\u0159eba br\u00e1t v z\u0159etel","url":"https:\/\/www.e-cafm.cz\/funkce-ktere-je-treba-brat-v-zretel\/","datePublished":"2025-07-15","dateModified":"2025-07-15","mainEntityOfPage":"https:\/\/www.e-cafm.cz\/funkce-ktere-je-treba-brat-v-zretel\/","author":{"@type":"Person","@id":"https:\/\/www.e-cafm.cz\/author\/#Person","name":"e-cafm.cz\n","url":"https:\/\/www.e-cafm.cz\/author\/","identifier":1,"image":{"@type":"ImageObject","@id":"https:\/\/secure.gravatar.com\/avatar\/325464d7e09ffe52889ba6983accc5cdb65d0a54acd9a25cd7e409bd3eba713a?s=96&d=mm&r=g","url":"https:\/\/secure.gravatar.com\/avatar\/325464d7e09ffe52889ba6983accc5cdb65d0a54acd9a25cd7e409bd3eba713a?s=96&d=mm&r=g","height":96,"width":96}},"publisher":{"@type":"Organization","name":"e-cafm.cz","logo":{"@type":"ImageObject","@id":"\/logo.png","url":"\/logo.png","width":600,"height":60}},"image":null,"wordCount":199,"keywords":null},{"@type":"Article","@id":"https:\/\/www.e-cafm.cz\/prijedte-na-dovolenou-do-prirody\/","headline":"P\u0159ije\u010fte na dovolenou do p\u0159\u00edrody","url":"https:\/\/www.e-cafm.cz\/prijedte-na-dovolenou-do-prirody\/","datePublished":"2025-07-11","dateModified":"2025-07-11","mainEntityOfPage":"https:\/\/www.e-cafm.cz\/prijedte-na-dovolenou-do-prirody\/","author":{"@type":"Person","@id":"https:\/\/www.e-cafm.cz\/author\/#Person","name":"e-cafm.cz\n","url":"https:\/\/www.e-cafm.cz\/author\/","identifier":1,"image":{"@type":"ImageObject","@id":"https:\/\/secure.gravatar.com\/avatar\/325464d7e09ffe52889ba6983accc5cdb65d0a54acd9a25cd7e409bd3eba713a?s=96&d=mm&r=g","url":"https:\/\/secure.gravatar.com\/avatar\/325464d7e09ffe52889ba6983accc5cdb65d0a54acd9a25cd7e409bd3eba713a?s=96&d=mm&r=g","height":96,"width":96}},"publisher":{"@type":"Organization","name":"e-cafm.cz","logo":{"@type":"ImageObject","@id":"\/logo.png","url":"\/logo.png","width":600,"height":60}},"image":null,"wordCount":212,"keywords":null},{"@type":"Article","@id":"https:\/\/www.e-cafm.cz\/co-s-modrym-lekninem\/","headline":"Co s modr\u00fdm lekn\u00ednem?","url":"https:\/\/www.e-cafm.cz\/co-s-modrym-lekninem\/","datePublished":"2025-07-07","dateModified":"2025-07-07","mainEntityOfPage":"https:\/\/www.e-cafm.cz\/co-s-modrym-lekninem\/","author":{"@type":"Person","@id":"https:\/\/www.e-cafm.cz\/author\/#Person","name":"e-cafm.cz\n","url":"https:\/\/www.e-cafm.cz\/author\/","identifier":1,"image":{"@type":"ImageObject","@id":"https:\/\/secure.gravatar.com\/avatar\/325464d7e09ffe52889ba6983accc5cdb65d0a54acd9a25cd7e409bd3eba713a?s=96&d=mm&r=g","url":"https:\/\/secure.gravatar.com\/avatar\/325464d7e09ffe52889ba6983accc5cdb65d0a54acd9a25cd7e409bd3eba713a?s=96&d=mm&r=g","height":96,"width":96}},"publisher":{"@type":"Organization","name":"e-cafm.cz","logo":{"@type":"ImageObject","@id":"\/logo.png","url":"\/logo.png","width":600,"height":60}},"image":{"@type":"ImageObject","@id":"https:\/\/www.e-cafm.cz\/wp-content\/uploads\/kkkkkkkkkkkkkk_4.jpg","url":"https:\/\/www.e-cafm.cz\/wp-content\/uploads\/kkkkkkkkkkkkkk_4.jpg","height":0,"width":0},"wordCount":615,"keywords":null},{"@type":"Article","@id":"https:\/\/www.e-cafm.cz\/extremni-pozitek\/","headline":"Extr\u00e9mn\u00ed po\u017eitek","url":"https:\/\/www.e-cafm.cz\/extremni-pozitek\/","datePublished":"2025-07-02","dateModified":"2025-07-02","mainEntityOfPage":"https:\/\/www.e-cafm.cz\/extremni-pozitek\/","author":{"@type":"Person","@id":"https:\/\/www.e-cafm.cz\/author\/#Person","name":"e-cafm.cz\n","url":"https:\/\/www.e-cafm.cz\/author\/","identifier":1,"image":{"@type":"ImageObject","@id":"https:\/\/secure.gravatar.com\/avatar\/325464d7e09ffe52889ba6983accc5cdb65d0a54acd9a25cd7e409bd3eba713a?s=96&d=mm&r=g","url":"https:\/\/secure.gravatar.com\/avatar\/325464d7e09ffe52889ba6983accc5cdb65d0a54acd9a25cd7e409bd3eba713a?s=96&d=mm&r=g","height":96,"width":96}},"publisher":{"@type":"Organization","name":"e-cafm.cz","logo":{"@type":"ImageObject","@id":"\/logo.png","url":"\/logo.png","width":600,"height":60}},"image":null,"wordCount":275,"keywords":null},{"@type":"Article","@id":"https:\/\/www.e-cafm.cz\/nektere-jsou-velmi-narocne\/","headline":"N\u011bkter\u00e9 jsou velmi n\u00e1ro\u010dn\u00e9","url":"https:\/\/www.e-cafm.cz\/nektere-jsou-velmi-narocne\/","datePublished":"2025-06-28","dateModified":"2025-06-28","mainEntityOfPage":"https:\/\/www.e-cafm.cz\/nektere-jsou-velmi-narocne\/","author":{"@type":"Person","@id":"https:\/\/www.e-cafm.cz\/author\/#Person","name":"e-cafm.cz\n","url":"https:\/\/www.e-cafm.cz\/author\/","identifier":1,"image":{"@type":"ImageObject","@id":"https:\/\/secure.gravatar.com\/avatar\/325464d7e09ffe52889ba6983accc5cdb65d0a54acd9a25cd7e409bd3eba713a?s=96&d=mm&r=g","url":"https:\/\/secure.gravatar.com\/avatar\/325464d7e09ffe52889ba6983accc5cdb65d0a54acd9a25cd7e409bd3eba713a?s=96&d=mm&r=g","height":96,"width":96}},"publisher":{"@type":"Organization","name":"e-cafm.cz","logo":{"@type":"ImageObject","@id":"\/logo.png","url":"\/logo.png","width":600,"height":60}},"image":null,"wordCount":226,"keywords":null},{"@type":"Article","@id":"https:\/\/www.e-cafm.cz\/ceny-ktere-vas-okouzli\/","headline":"Ceny, kter\u00e9 v\u00e1s okouzl\u00ed","url":"https:\/\/www.e-cafm.cz\/ceny-ktere-vas-okouzli\/","datePublished":"2025-06-21","dateModified":"2025-06-21","mainEntityOfPage":"https:\/\/www.e-cafm.cz\/ceny-ktere-vas-okouzli\/","author":{"@type":"Person","@id":"https:\/\/www.e-cafm.cz\/author\/#Person","name":"e-cafm.cz\n","url":"https:\/\/www.e-cafm.cz\/author\/","identifier":1,"image":{"@type":"ImageObject","@id":"https:\/\/secure.gravatar.com\/avatar\/325464d7e09ffe52889ba6983accc5cdb65d0a54acd9a25cd7e409bd3eba713a?s=96&d=mm&r=g","url":"https:\/\/secure.gravatar.com\/avatar\/325464d7e09ffe52889ba6983accc5cdb65d0a54acd9a25cd7e409bd3eba713a?s=96&d=mm&r=g","height":96,"width":96}},"publisher":{"@type":"Organization","name":"e-cafm.cz","logo":{"@type":"ImageObject","@id":"\/logo.png","url":"\/logo.png","width":600,"height":60}},"image":null,"wordCount":206,"keywords":null},{"@type":"Article","@id":"https:\/\/www.e-cafm.cz\/klidne-budte-ve-vode-od-rana-do-vecera-a-od-vecera-do-rana\/","headline":"Klidn\u011b bu\u010fte ve vod\u011b od r\u00e1na do ve\u010dera a od ve\u010dera do r\u00e1na","url":"https:\/\/www.e-cafm.cz\/klidne-budte-ve-vode-od-rana-do-vecera-a-od-vecera-do-rana\/","datePublished":"2025-06-14","dateModified":"2025-06-14","mainEntityOfPage":"https:\/\/www.e-cafm.cz\/klidne-budte-ve-vode-od-rana-do-vecera-a-od-vecera-do-rana\/","author":{"@type":"Person","@id":"https:\/\/www.e-cafm.cz\/author\/#Person","name":"e-cafm.cz\n","url":"https:\/\/www.e-cafm.cz\/author\/","identifier":1,"image":{"@type":"ImageObject","@id":"https:\/\/secure.gravatar.com\/avatar\/325464d7e09ffe52889ba6983accc5cdb65d0a54acd9a25cd7e409bd3eba713a?s=96&d=mm&r=g","url":"https:\/\/secure.gravatar.com\/avatar\/325464d7e09ffe52889ba6983accc5cdb65d0a54acd9a25cd7e409bd3eba713a?s=96&d=mm&r=g","height":96,"width":96}},"publisher":{"@type":"Organization","name":"e-cafm.cz","logo":{"@type":"ImageObject","@id":"\/logo.png","url":"\/logo.png","width":600,"height":60}},"image":null,"wordCount":205,"keywords":null}]},{"@context":"https:\/\/schema.org","@type":"WebSite","@id":"https:\/\/www.e-cafm.cz\/#website","name":"E-cafm","url":"https:\/\/www.e-cafm.cz","potentialAction":{"@type":"SearchAction","target":"https:\/\/www.e-cafm.cz\/?s={search_term_string}","query-input":"required name=search_term_string"}}]